{"id":2329,"date":"2019-07-02T12:45:30","date_gmt":"2019-07-02T10:45:30","guid":{"rendered":"http:\/\/galeriegema.cz.uvirt79.active24.cz\/vaclav-chad-surrealisticka-stafaz\/"},"modified":"2019-09-26T13:06:33","modified_gmt":"2019-09-26T11:06:33","slug":"vaclav-chad-surrealisticka-stafaz","status":"publish","type":"post","link":"https:\/\/www.gemagalerie.cz\/en\/vaclav-chad-surrealisticka-stafaz\/","title":{"rendered":"V\u00e1clav Chad: Surrealistick\u00e1 \u0161taf\u00e1\u017e"},"content":{"rendered":"","protected":false},"excerpt":{"rendered":"","protected":false},"author":1,"featured_media":7472,"comment_status":"closed","ping_status":"closed","sticky":false,"template":"","format":"standard","meta":[],"categories":[9],"tags":[],"_links":{"self":[{"href":"https:\/\/www.gemagalerie.cz\/en\/wp-json\/wp\/v2\/posts\/2329"}],"collection":[{"href":"https:\/\/www.gemagalerie.cz\/en\/wp-json\/wp\/v2\/posts"}],"about":[{"href":"https:\/\/www.gemagalerie.cz\/en\/wp-json\/wp\/v2\/types\/post"}],"author":[{"embeddable":true,"href":"https:\/\/www.gemagalerie.cz\/en\/wp-json\/wp\/v2\/users\/1"}],"replies":[{"embeddable":true,"href":"https:\/\/www.gemagalerie.cz\/en\/wp-json\/wp\/v2\/comments?post=2329"}],"version-history":[{"count":3,"href":"https:\/\/www.gemagalerie.cz\/en\/wp-json\/wp\/v2\/posts\/2329\/revisions"}],"predecessor-version":[{"id":7473,"href":"https:\/\/www.gemagalerie.cz\/en\/wp-json\/wp\/v2\/posts\/2329\/revisions\/7473"}],"wp:featuredmedia":[{"embeddable":true,"href":"https:\/\/www.gemagalerie.cz\/en\/wp-json\/wp\/v2\/media\/7472"}],"wp:attachment":[{"href":"https:\/\/www.gemagalerie.cz\/en\/wp-json\/wp\/v2\/media?parent=2329"}],"wp:term":[{"taxonomy":"category","embeddable":true,"href":"https:\/\/www.gemagalerie.cz\/en\/wp-json\/wp\/v2\/categories?post=2329"},{"taxonomy":"post_tag","embeddable":true,"href":"https:\/\/www.gemagalerie.cz\/en\/wp-json\/wp\/v2\/tags?post=2329"}],"curies":[{"name":"wp","href":"https:\/\/api.w.org\/{rel}","templated":true}]}}