{"id":6229,"date":"2019-08-15T13:13:55","date_gmt":"2019-08-15T11:13:55","guid":{"rendered":"http:\/\/galeriegema.cz.uvirt79.active24.cz\/jiri-mrazek-obrazy-a-kresby-ze-sbirek-galerie-gema\/"},"modified":"2021-12-14T17:50:14","modified_gmt":"2021-12-14T16:50:14","slug":"jiri-mrazek-obrazy-a-kresby-ze-sbirek-galerie-gema","status":"publish","type":"post","link":"https:\/\/www.gemagalerie.cz\/en\/jiri-mrazek-obrazy-a-kresby-ze-sbirek-galerie-gema\/","title":{"rendered":"Ji\u0159\u00ed Mr\u00e1zek: Paintings and drawings from the collection of the Gema Gallery"},"content":{"rendered":"","protected":false},"excerpt":{"rendered":"","protected":false},"author":1,"featured_media":6728,"comment_status":"closed","ping_status":"closed","sticky":false,"template":"","format":"standard","meta":[],"categories":[8],"tags":[],"_links":{"self":[{"href":"https:\/\/www.gemagalerie.cz\/en\/wp-json\/wp\/v2\/posts\/6229"}],"collection":[{"href":"https:\/\/www.gemagalerie.cz\/en\/wp-json\/wp\/v2\/posts"}],"about":[{"href":"https:\/\/www.gemagalerie.cz\/en\/wp-json\/wp\/v2\/types\/post"}],"author":[{"embeddable":true,"href":"https:\/\/www.gemagalerie.cz\/en\/wp-json\/wp\/v2\/users\/1"}],"replies":[{"embeddable":true,"href":"https:\/\/www.gemagalerie.cz\/en\/wp-json\/wp\/v2\/comments?post=6229"}],"version-history":[{"count":5,"href":"https:\/\/www.gemagalerie.cz\/en\/wp-json\/wp\/v2\/posts\/6229\/revisions"}],"predecessor-version":[{"id":8336,"href":"https:\/\/www.gemagalerie.cz\/en\/wp-json\/wp\/v2\/posts\/6229\/revisions\/8336"}],"wp:featuredmedia":[{"embeddable":true,"href":"https:\/\/www.gemagalerie.cz\/en\/wp-json\/wp\/v2\/media\/6728"}],"wp:attachment":[{"href":"https:\/\/www.gemagalerie.cz\/en\/wp-json\/wp\/v2\/media?parent=6229"}],"wp:term":[{"taxonomy":"category","embeddable":true,"href":"https:\/\/www.gemagalerie.cz\/en\/wp-json\/wp\/v2\/categories?post=6229"},{"taxonomy":"post_tag","embeddable":true,"href":"https:\/\/www.gemagalerie.cz\/en\/wp-json\/wp\/v2\/tags?post=6229"}],"curies":[{"name":"wp","href":"https:\/\/api.w.org\/{rel}","templated":true}]}}