{"id":6373,"date":"2019-08-13T12:19:10","date_gmt":"2019-08-13T10:19:10","guid":{"rendered":"http:\/\/galeriegema.cz.uvirt79.active24.cz\/jaroslava-bicovska-chraneny-prostor-galerie-kritiku-praha-2007\/"},"modified":"2020-02-25T12:18:34","modified_gmt":"2020-02-25T11:18:34","slug":"jaroslava-bicovska-chraneny-prostor-galerie-kritiku-praha-2007","status":"publish","type":"post","link":"https:\/\/www.gemagalerie.cz\/en\/jaroslava-bicovska-chraneny-prostor-galerie-kritiku-praha-2007\/","title":{"rendered":"Jaroslava Bi\u010dovsk\u00e1: Chr\u00e1n\u011bn\u00fd prostor, Galerie Kritik\u016f, Praha, 2007"},"content":{"rendered":"","protected":false},"excerpt":{"rendered":"","protected":false},"author":1,"featured_media":7970,"comment_status":"closed","ping_status":"closed","sticky":false,"template":"","format":"standard","meta":[],"categories":[8],"tags":[],"_links":{"self":[{"href":"https:\/\/www.gemagalerie.cz\/en\/wp-json\/wp\/v2\/posts\/6373"}],"collection":[{"href":"https:\/\/www.gemagalerie.cz\/en\/wp-json\/wp\/v2\/posts"}],"about":[{"href":"https:\/\/www.gemagalerie.cz\/en\/wp-json\/wp\/v2\/types\/post"}],"author":[{"embeddable":true,"href":"https:\/\/www.gemagalerie.cz\/en\/wp-json\/wp\/v2\/users\/1"}],"replies":[{"embeddable":true,"href":"https:\/\/www.gemagalerie.cz\/en\/wp-json\/wp\/v2\/comments?post=6373"}],"version-history":[{"count":3,"href":"https:\/\/www.gemagalerie.cz\/en\/wp-json\/wp\/v2\/posts\/6373\/revisions"}],"predecessor-version":[{"id":7975,"href":"https:\/\/www.gemagalerie.cz\/en\/wp-json\/wp\/v2\/posts\/6373\/revisions\/7975"}],"wp:featuredmedia":[{"embeddable":true,"href":"https:\/\/www.gemagalerie.cz\/en\/wp-json\/wp\/v2\/media\/7970"}],"wp:attachment":[{"href":"https:\/\/www.gemagalerie.cz\/en\/wp-json\/wp\/v2\/media?parent=6373"}],"wp:term":[{"taxonomy":"category","embeddable":true,"href":"https:\/\/www.gemagalerie.cz\/en\/wp-json\/wp\/v2\/categories?post=6373"},{"taxonomy":"post_tag","embeddable":true,"href":"https:\/\/www.gemagalerie.cz\/en\/wp-json\/wp\/v2\/tags?post=6373"}],"curies":[{"name":"wp","href":"https:\/\/api.w.org\/{rel}","templated":true}]}}