{"id":6401,"date":"2019-08-13T12:59:03","date_gmt":"2019-08-13T10:59:03","guid":{"rendered":"http:\/\/galeriegema.cz.uvirt79.active24.cz\/vaclav-blaha-vedle-sebe-bechyne-2005\/"},"modified":"2020-02-25T12:20:59","modified_gmt":"2020-02-25T11:20:59","slug":"vaclav-blaha-vedle-sebe-bechyne-2005","status":"publish","type":"post","link":"https:\/\/www.gemagalerie.cz\/en\/vaclav-blaha-vedle-sebe-bechyne-2005\/","title":{"rendered":"V\u00e1clav Bl\u00e1ha: Vedle sebe, Bechyn\u011b, 2005"},"content":{"rendered":"","protected":false},"excerpt":{"rendered":"","protected":false},"author":1,"featured_media":7958,"comment_status":"closed","ping_status":"closed","sticky":false,"template":"","format":"standard","meta":[],"categories":[8],"tags":[],"_links":{"self":[{"href":"https:\/\/www.gemagalerie.cz\/en\/wp-json\/wp\/v2\/posts\/6401"}],"collection":[{"href":"https:\/\/www.gemagalerie.cz\/en\/wp-json\/wp\/v2\/posts"}],"about":[{"href":"https:\/\/www.gemagalerie.cz\/en\/wp-json\/wp\/v2\/types\/post"}],"author":[{"embeddable":true,"href":"https:\/\/www.gemagalerie.cz\/en\/wp-json\/wp\/v2\/users\/1"}],"replies":[{"embeddable":true,"href":"https:\/\/www.gemagalerie.cz\/en\/wp-json\/wp\/v2\/comments?post=6401"}],"version-history":[{"count":3,"href":"https:\/\/www.gemagalerie.cz\/en\/wp-json\/wp\/v2\/posts\/6401\/revisions"}],"predecessor-version":[{"id":7980,"href":"https:\/\/www.gemagalerie.cz\/en\/wp-json\/wp\/v2\/posts\/6401\/revisions\/7980"}],"wp:featuredmedia":[{"embeddable":true,"href":"https:\/\/www.gemagalerie.cz\/en\/wp-json\/wp\/v2\/media\/7958"}],"wp:attachment":[{"href":"https:\/\/www.gemagalerie.cz\/en\/wp-json\/wp\/v2\/media?parent=6401"}],"wp:term":[{"taxonomy":"category","embeddable":true,"href":"https:\/\/www.gemagalerie.cz\/en\/wp-json\/wp\/v2\/categories?post=6401"},{"taxonomy":"post_tag","embeddable":true,"href":"https:\/\/www.gemagalerie.cz\/en\/wp-json\/wp\/v2\/tags?post=6401"}],"curies":[{"name":"wp","href":"https:\/\/api.w.org\/{rel}","templated":true}]}}