{"id":7244,"date":"2019-09-12T13:54:17","date_gmt":"2019-09-12T11:54:17","guid":{"rendered":"http:\/\/www.gemagalerie.cz\/eduard-ovcacek-tvorba-z-let-1959-1999\/"},"modified":"2020-11-09T14:52:36","modified_gmt":"2020-11-09T13:52:36","slug":"eduard-ovcacek-tvorba-z-let-1959-1999","status":"publish","type":"post","link":"https:\/\/www.gemagalerie.cz\/en\/eduard-ovcacek-tvorba-z-let-1959-1999\/","title":{"rendered":"Eduard Ov\u010d\u00e1\u010dek: Tvorba z let 1959 &#8211; 1999"},"content":{"rendered":"","protected":false},"excerpt":{"rendered":"","protected":false},"author":1,"featured_media":7240,"comment_status":"closed","ping_status":"closed","sticky":false,"template":"","format":"standard","meta":[],"categories":[9],"tags":[],"_links":{"self":[{"href":"https:\/\/www.gemagalerie.cz\/en\/wp-json\/wp\/v2\/posts\/7244"}],"collection":[{"href":"https:\/\/www.gemagalerie.cz\/en\/wp-json\/wp\/v2\/posts"}],"about":[{"href":"https:\/\/www.gemagalerie.cz\/en\/wp-json\/wp\/v2\/types\/post"}],"author":[{"embeddable":true,"href":"https:\/\/www.gemagalerie.cz\/en\/wp-json\/wp\/v2\/users\/1"}],"replies":[{"embeddable":true,"href":"https:\/\/www.gemagalerie.cz\/en\/wp-json\/wp\/v2\/comments?post=7244"}],"version-history":[{"count":3,"href":"https:\/\/www.gemagalerie.cz\/en\/wp-json\/wp\/v2\/posts\/7244\/revisions"}],"predecessor-version":[{"id":8173,"href":"https:\/\/www.gemagalerie.cz\/en\/wp-json\/wp\/v2\/posts\/7244\/revisions\/8173"}],"wp:featuredmedia":[{"embeddable":true,"href":"https:\/\/www.gemagalerie.cz\/en\/wp-json\/wp\/v2\/media\/7240"}],"wp:attachment":[{"href":"https:\/\/www.gemagalerie.cz\/en\/wp-json\/wp\/v2\/media?parent=7244"}],"wp:term":[{"taxonomy":"category","embeddable":true,"href":"https:\/\/www.gemagalerie.cz\/en\/wp-json\/wp\/v2\/categories?post=7244"},{"taxonomy":"post_tag","embeddable":true,"href":"https:\/\/www.gemagalerie.cz\/en\/wp-json\/wp\/v2\/tags?post=7244"}],"curies":[{"name":"wp","href":"https:\/\/api.w.org\/{rel}","templated":true}]}}