{"id":7306,"date":"2019-09-13T09:48:29","date_gmt":"2019-09-13T07:48:29","guid":{"rendered":"http:\/\/www.gemagalerie.cz\/ivan-ouhel-devadesata-leta-cas-obrazu\/"},"modified":"2024-01-05T14:39:11","modified_gmt":"2024-01-05T13:39:11","slug":"ivan-ouhel-devadesata-leta-cas-obrazu","status":"publish","type":"post","link":"https:\/\/www.gemagalerie.cz\/en\/ivan-ouhel-devadesata-leta-cas-obrazu\/","title":{"rendered":"Ivan Ouhel: Devades\u00e1t\u00e1 l\u00e9ta \u010das obrazu"},"content":{"rendered":"","protected":false},"excerpt":{"rendered":"","protected":false},"author":1,"featured_media":7286,"comment_status":"closed","ping_status":"closed","sticky":false,"template":"","format":"standard","meta":[],"categories":[9],"tags":[],"_links":{"self":[{"href":"https:\/\/www.gemagalerie.cz\/en\/wp-json\/wp\/v2\/posts\/7306"}],"collection":[{"href":"https:\/\/www.gemagalerie.cz\/en\/wp-json\/wp\/v2\/posts"}],"about":[{"href":"https:\/\/www.gemagalerie.cz\/en\/wp-json\/wp\/v2\/types\/post"}],"author":[{"embeddable":true,"href":"https:\/\/www.gemagalerie.cz\/en\/wp-json\/wp\/v2\/users\/1"}],"replies":[{"embeddable":true,"href":"https:\/\/www.gemagalerie.cz\/en\/wp-json\/wp\/v2\/comments?post=7306"}],"version-history":[{"count":3,"href":"https:\/\/www.gemagalerie.cz\/en\/wp-json\/wp\/v2\/posts\/7306\/revisions"}],"predecessor-version":[{"id":7309,"href":"https:\/\/www.gemagalerie.cz\/en\/wp-json\/wp\/v2\/posts\/7306\/revisions\/7309"}],"wp:featuredmedia":[{"embeddable":true,"href":"https:\/\/www.gemagalerie.cz\/en\/wp-json\/wp\/v2\/media\/7286"}],"wp:attachment":[{"href":"https:\/\/www.gemagalerie.cz\/en\/wp-json\/wp\/v2\/media?parent=7306"}],"wp:term":[{"taxonomy":"category","embeddable":true,"href":"https:\/\/www.gemagalerie.cz\/en\/wp-json\/wp\/v2\/categories?post=7306"},{"taxonomy":"post_tag","embeddable":true,"href":"https:\/\/www.gemagalerie.cz\/en\/wp-json\/wp\/v2\/tags?post=7306"}],"curies":[{"name":"wp","href":"https:\/\/api.w.org\/{rel}","templated":true}]}}